{"id":2379,"date":"2022-01-10T12:40:01","date_gmt":"2022-01-10T11:40:01","guid":{"rendered":"https:\/\/tepsis.io\/?p=2379"},"modified":"2022-12-09T16:11:27","modified_gmt":"2022-12-09T15:11:27","slug":"la-montee-des-extreme-droites-une-histoire-francaise","status":"publish","type":"post","link":"http:\/\/tepsis.io\/?p=2379","title":{"rendered":"La mont\u00e9e des extr\u00eame-droites : une histoire fran\u00e7aise ?"},"content":{"rendered":"\n<h2 class=\"has-text-align-center wp-block-heading\">21 mars 2022, 19h &#8211; 21h<\/h2>\n\n\n\n<div class=\"wp-block-image\"><figure class=\"alignleft size-medium\"><img decoding=\"async\" loading=\"lazy\" width=\"212\" height=\"300\" src=\"https:\/\/tepsis.io\/wp-content\/uploads\/2022\/03\/Politika_2022-03-21_AdP-ExtremeDroitePETITE-212x300.jpg\" alt=\"\" class=\"wp-image-2444\" srcset=\"http:\/\/tepsis.io\/wp-content\/uploads\/2022\/03\/Politika_2022-03-21_AdP-ExtremeDroitePETITE-212x300.jpg 212w, http:\/\/tepsis.io\/wp-content\/uploads\/2022\/03\/Politika_2022-03-21_AdP-ExtremeDroitePETITE.jpg 595w\" sizes=\"(max-width: 212px) 100vw, 212px\" \/><\/figure><\/div>\n\n\n\n<p><strong>Table ronde anim\u00e9e par Laurent Jeanpierre <\/strong>(Universit\u00e9 Paris 1 &#8211; Panth\u00e9on-Sorbonne) <strong>et Jean-Fr\u00e9d\u00e9ric Schaub<\/strong> (EHESS)<\/p>\n\n\n\n<p><strong>Interventions de<br>Lynda Dematteo<\/strong> (CNRS)<br><strong>Alexandre D\u00e9z\u00e9<\/strong> (Universit\u00e9 de Montpellier)<br><strong>Nicolas Offenstadt<\/strong> (Universit\u00e9 Paris 1 &#8211; Panth\u00e9on-Sorbonne)<\/p>\n\n\n\n<p><br>Vues de France, l\u2019ascension politique d\u2019\u00c9ric Zemmour, l\u2019installation du Rassemblement national comme force politique majeure et la \u00ab droitisation \u00bb g\u00e9n\u00e9rale du d\u00e9bat public peuvent sembler singuli\u00e8res. La mont\u00e9e des id\u00e9es, des partis et des leaders d\u2019extr\u00eame-droite dans la politique de la derni\u00e8re d\u00e9cennie n\u2019a pourtant rien d\u2019un fait social national. Cette table ronde propose d\u2019\u00e9clairer la puissance des extr\u00eames-droites en France \u00e0 la lumi\u00e8re d\u2019autres histoires comparables venues d&rsquo;Allemagne, d&rsquo;Espagne, d&rsquo;Italie. Qu\u2019y a-t-il de commun et de diff\u00e9rent dans ces ph\u00e9nom\u00e8nes ? Quelles sont les \u00e9ventuelles particularit\u00e9s historiques des droites radicales fran\u00e7aises, leur lien, notamment, avec l\u2019histoire coloniale et post-coloniale ? Comment se sont cr\u00e9\u00e9es et structur\u00e9es les organisations de ces courants politiques dans diff\u00e9rents pays europ\u00e9ens ? Quels sont leurs relations, leurs espoirs, leurs strat\u00e9gies ? Quelles r\u00e9sistances entra\u00eenent-elles, ou bien comment leur r\u00e9sister ?<\/p>\n\n\n\n<p>Cette table ronde est organis\u00e9e dans le cadre de l\u2019Atelier Politika \u00ab&nbsp;Pr\u00e9sidentielle 2022&nbsp;\u00bb<\/p>\n\n\n\n<div class=\"wp-block-buttons is-layout-flex wp-block-buttons-is-layout-flex\">\n<div class=\"wp-block-button\"><a class=\"wp-block-button__link\" href=\"https:\/\/www.politika.io\/fr\/atelier\/presidentielle-2022\" target=\"_blank\" rel=\"noreferrer noopener\">Voir l&rsquo;Atelier Politika<\/a><\/div>\n\n\n\n<div class=\"wp-block-button\"><a class=\"wp-block-button__link\" href=\"https:\/\/tepsis.io\/wp-content\/uploads\/2022\/03\/Politika_2022-03-21_AdP-ExtremeDroite-1.pdf\" target=\"_blank\" rel=\"noreferrer noopener\">T\u00e9l\u00e9charger l&rsquo;affiche<\/a><\/div>\n<\/div>\n\n\n\n<figure class=\"wp-block-embed is-type-video is-provider-youtube wp-block-embed-youtube wp-embed-aspect-16-9 wp-has-aspect-ratio\"><div class=\"wp-block-embed__wrapper\">\n<iframe loading=\"lazy\" title=\"La mont\u00e9e des extr\u00eame-droites : une histoire fran\u00e7aise ?\" width=\"580\" height=\"326\" src=\"https:\/\/www.youtube.com\/embed\/zL128i85O_4?feature=oembed\" frameborder=\"0\" allow=\"accelerometer; autoplay; clipboard-write; encrypted-media; gyroscope; picture-in-picture\" allowfullscreen><\/iframe>\n<\/div><\/figure>\n\n\n\n<p><\/p>\n","protected":false},"excerpt":{"rendered":"<p>21 mars 2022, 19h &#8211; 21h Table ronde anim\u00e9e par Laurent Jeanpierre (Universit\u00e9 Paris 1 &#8211; Panth\u00e9on-Sorbonne) et Jean-Fr\u00e9d\u00e9ric Schaub (EHESS) Interventions deLynda Dematteo (CNRS)Alexandre D\u00e9z\u00e9 (Universit\u00e9 de Montpellier)Nicolas Offenstadt (Universit\u00e9 Paris 1 &#8211; Panth\u00e9on-Sorbonne) Vues de France, l\u2019ascension politique d\u2019\u00c9ric Zemmour, l\u2019installation du Rassemblement national comme force politique majeure et la \u00ab droitisation \u00bb [&hellip;]<\/p>\n","protected":false},"author":1,"featured_media":0,"comment_status":"open","ping_status":"open","sticky":false,"template":"","format":"standard","meta":{"footnotes":""},"categories":[20],"tags":[],"_links":{"self":[{"href":"http:\/\/tepsis.io\/index.php?rest_route=\/wp\/v2\/posts\/2379"}],"collection":[{"href":"http:\/\/tepsis.io\/index.php?rest_route=\/wp\/v2\/posts"}],"about":[{"href":"http:\/\/tepsis.io\/index.php?rest_route=\/wp\/v2\/types\/post"}],"author":[{"embeddable":true,"href":"http:\/\/tepsis.io\/index.php?rest_route=\/wp\/v2\/users\/1"}],"replies":[{"embeddable":true,"href":"http:\/\/tepsis.io\/index.php?rest_route=%2Fwp%2Fv2%2Fcomments&post=2379"}],"version-history":[{"count":13,"href":"http:\/\/tepsis.io\/index.php?rest_route=\/wp\/v2\/posts\/2379\/revisions"}],"predecessor-version":[{"id":2573,"href":"http:\/\/tepsis.io\/index.php?rest_route=\/wp\/v2\/posts\/2379\/revisions\/2573"}],"wp:attachment":[{"href":"http:\/\/tepsis.io\/index.php?rest_route=%2Fwp%2Fv2%2Fmedia&parent=2379"}],"wp:term":[{"taxonomy":"category","embeddable":true,"href":"http:\/\/tepsis.io\/index.php?rest_route=%2Fwp%2Fv2%2Fcategories&post=2379"},{"taxonomy":"post_tag","embeddable":true,"href":"http:\/\/tepsis.io\/index.php?rest_route=%2Fwp%2Fv2%2Ftags&post=2379"}],"curies":[{"name":"wp","href":"https:\/\/api.w.org\/{rel}","templated":true}]}}